{"id":31479,"date":"2023-06-03T11:01:42","date_gmt":"2023-06-03T15:01:42","guid":{"rendered":"https:\/\/www.laregion.bo\/turismo-sostenible-en-el-corazon-del-madidi-ecolodge\/"},"modified":"2023-06-03T11:14:28","modified_gmt":"2023-06-03T15:14:28","slug":"sustainable-tourism-in-the-corazon-del-madidi-ecolodge","status":"publish","type":"post","link":"https:\/\/www.laregion.bo\/en\/sustainable-tourism-in-the-corazon-del-madidi-ecolodge\/","title":{"rendered":"Sustainable tourism in the &#8220;Corazon del Madidi Ecolodge&#8221;"},"content":{"rendered":"\n<div class=\"wp-block-buttons is-layout-flex wp-block-buttons-is-layout-flex\">\n<div class=\"wp-block-button\"><a class=\"wp-block-button__link wp-element-button\">Soy Bolivia\/La Paz<\/a><\/div>\n<\/div>\n\n\n\n<p>This local ecotourism venture with low environmental impact was created in 2011 by a eight local guides group from the San Jose de Uchupiamonas indigenous community, who work to preserve and protect the region&#8217;s wildlife, and promote their communities&#8217; economic and social development.<\/p>\n\n\n\n<p>As its name suggests, the ecolodge is located in the heart of the Madidi National Park, in the San Jose de Uchupiamonas Communal Land of Origin (TCO), a three-and-a-half-hour boat ride up the Beni and Tuichi rivers. from Rurrenabaque (Beni department). A privileged environment, surrounded by vegetation and unique fauna.<\/p>\n\n\n\n<p>Here, the community members offer an authentic and unforgettable experience. All the staff are of indigenous origin, which guarantees a cultural experience and a fair and respectful treatment for the people who provide their services and are the ecolodge suppliers.<\/p><div id=\"lareg-3958820170\" class=\"lareg-contenido\" style=\"margin-right: 20px;\"><img src=\"https:\/\/www.laregion.bo\/wp-content\/uploads\/2024\/10\/Apoyanos-2026.jpg\" alt=\"\"  srcset=\"https:\/\/www.laregion.bo\/wp-content\/uploads\/2024\/10\/Apoyanos-2026.jpg 268w, https:\/\/www.laregion.bo\/wp-content\/uploads\/2024\/10\/Apoyanos-2026-134x300.jpg 134w, https:\/\/www.laregion.bo\/wp-content\/uploads\/2024\/10\/Apoyanos-2026-188x420.jpg 188w\" sizes=\"(max-width: 268px) 100vw, 268px\" class=\"no-lazyload\" width=\"268\" height=\"600\"  style=\"display: inline-block;\" \/><\/div>\n\n\n\n<p>This Community-based ecotourism has become a powerful tool in the fight against extreme poverty and care for the biological diversity that Madidi National Park houses.<\/p>\n\n\n\n<h2 class=\"wp-block-heading\">Activities available at the hostel:<\/h2>\n\n\n\n<figure class=\"wp-block-image size-large\"><img fetchpriority=\"high\" decoding=\"async\" width=\"769\" height=\"1024\" src=\"https:\/\/www.laregion.bo\/wp-content\/uploads\/2023\/06\/CORAZON-DEL-MADIDI_1-769x1024.jpg\" alt=\"\" class=\"wp-image-31472\" srcset=\"https:\/\/www.laregion.bo\/wp-content\/uploads\/2023\/06\/CORAZON-DEL-MADIDI_1-769x1024.jpg 769w, https:\/\/www.laregion.bo\/wp-content\/uploads\/2023\/06\/CORAZON-DEL-MADIDI_1-225x300.jpg 225w, https:\/\/www.laregion.bo\/wp-content\/uploads\/2023\/06\/CORAZON-DEL-MADIDI_1-768x1022.jpg 768w, https:\/\/www.laregion.bo\/wp-content\/uploads\/2023\/06\/CORAZON-DEL-MADIDI_1-696x926.jpg 696w, https:\/\/www.laregion.bo\/wp-content\/uploads\/2023\/06\/CORAZON-DEL-MADIDI_1-316x420.jpg 316w, https:\/\/www.laregion.bo\/wp-content\/uploads\/2023\/06\/CORAZON-DEL-MADIDI_1-600x799.jpg 600w, https:\/\/www.laregion.bo\/wp-content\/uploads\/2023\/06\/CORAZON-DEL-MADIDI_1.jpg 867w\" sizes=\"(max-width: 769px) 100vw, 769px\" \/><\/figure>\n\n\n\n<ol class=\"wp-block-list\" type=\"1\">\n<li>Visit the Caqui Huara walls, where at least 6 parrot species can be observed, such as macaws.<\/li>\n\n\n\n<li>Hike along the Ahuada trail for around two hours.<\/li>\n\n\n\n<li>Long hikes along the Tuichi trail (4 &#8211; 5 hours), where the native guide will show different forest<br>ecosystems combining ancestral knowledge with scientific research.<\/li>\n\n\n\n<li>Night walk to listen to the symphony offered by countless insect, amphibian, and bird species.<\/li>\n\n\n\n<li>Fauna observation and medicinal plants explanation.<\/li>\n\n\n\n<li>Visit Cullpana, a clayey wall where some parrot species can be observed, and other frugivorous<br>animals attracted by clay can be observed.<\/li>\n\n\n\n<li>Artisan activity or sport fishing.<\/li>\n\n\n\n<li>Talks about the Madidi history and the San Jose de Uchupiamonas indigenous community.<\/li>\n\n\n\n<li>Hike along the Ocelote trail, where mammals tracks and birds can be observed, and interpret<br>the tropical humid forest.<\/li>\n\n\n\n<li>Walk along the Kacatara trail to interpret the forest and medicinal plants and observe the level<br>of giant trees emerging on the Amazon jungle.<\/li>\n\n\n\n<li>Swimming in an Eslabon river natural pool.<\/li>\n\n\n\n<li>Night hikes along the Dati trail to observe reptiles and amphibians.<\/li>\n\n\n\n<li>Long hikes along the Maquisapa trail.<\/li>\n\n\n\n<li>Boat Excursion to the clay lick to observe different bird species such as parrots, guans, and<br>pigeons.<\/li>\n\n\n\n<li>Full day hike on the Hauda trails.<\/li>\n\n\n\n<li>Short walk along the Alimano trail where it is common to observe different peccaries, tortoises, and large bird species.<\/li>\n<\/ol>\n\n\n\n<p>Location:<a href=\"http:\/\/bit.ly\/3ZGzCh8\"> http:\/\/bit.ly\/3ZGzCh8<\/a><\/p>\n\n\n\n<p>Cost:<\/p>\n\n\n\n<ul class=\"wp-block-list\">\n<li>Cost per person and programs:<\/li>\n<\/ul>\n\n\n\n<p>o&nbsp;&nbsp; Cacatara: Two days, one night: $us 200<br>o&nbsp;&nbsp; Londra: Three days, two nights: $us 280<br>o&nbsp;&nbsp; Makisapa: Four days, three nights: $us 380<br>o&nbsp;&nbsp; Iba: Five days, four nights: $us 430<br>o&nbsp;&nbsp; Additional per day per person: $us 80<br>o&nbsp;&nbsp; Additional boat Santa Rosa Lake: $us 50<\/p>\n\n\n\n<p>Other:<\/p>\n\n\n\n<ul class=\"wp-block-list\">\n<li>Shared double \/ twin room with private bathroom cabins.<\/li>\n\n\n\n<li>Additional program applicable according to the guests&#8217; interests.<\/li>\n\n\n\n<li>Sport fishing activity in the Santa Rosa lagoon, canoe ride subject to lodge transportation<\/li>\n<\/ul>\n\n\n\n<p>availability.<\/p>\n\n\n\n<ul class=\"wp-block-list\">\n<li>Rafting on the Eslabon river or on the Tuichi river, according to the guests&#8217; interests.<\/li>\n<\/ul>\n\n\n\n<p>Contact &#8211; Packages and prices:<\/p>\n\n\n\n<ul class=\"wp-block-list\">\n<li><a href=\"http:\/\/www.corazondelmadidi.com\/\"><span style=\"text-decoration: underline;\">www.corazondelmadidi.com<\/span><\/a><\/li>\n\n\n\n<li><a href=\"mailto:Inf@corazondelmadidi.com\">Inf@corazondelmadidi.com<\/a>.<\/li>\n\n\n\n<li>WhatsApp (591) 73921022<\/li>\n\n\n\n<li>Phone: 591 74724195<\/li>\n<\/ul>\n\n\n\n<p>Consider that the packages do not include:<\/p>\n\n\n\n<ul class=\"wp-block-list\">\n<li>Air \/ land tickets La Paz &#8211; Rurrenabaque &#8211; La Paz<\/li>\n\n\n\n<li>Entrance to the Madidi National Park.<\/li>\n<\/ul>\n\n\n\n<p>o&nbsp;&nbsp; Foreign tourists: Bs. 200 ($29)<br>o&nbsp;&nbsp; Nationals: Bs. 50 ($7.5)<\/p>\n\n\n\n<ul class=\"wp-block-list\">\n<li>Lodging and food in Rurrenabaque.<\/li>\n\n\n\n<li>Soft drinks and alcoholic beverages.<\/li>\n<\/ul>\n\n\n\n<p>This content is taken from the &#8220;Soy Bolivia&#8221; verified guide, prepared in April 2023 with information<br>provided by organizations and communities involved. This guide is updated annually to ensure its<br>validity. In order to suggest a community tourism venture, free of charge, you are welcome to send a<\/p>\n\n\n\n<p>WhatsApp message to the number (591) 70079347.<\/p>\n\n\n\n<p>\u2022 Note: Prices are updated to May 2023.<\/p>\n\n\n\n<p><a href=\"https:\/\/www.facebook.com\/corazondelmadidi\/photos?locale=es LA\"><span style=\"text-decoration: underline;\">Facebook<\/span><\/a><\/p>\n\n\n\n<p><\/p>\n\n\n\n<h2 class=\"wp-block-heading\"><\/h2>\n\n\n\n<p><\/p>\n\n\n\n<figure class=\"wp-block-image size-large\"><img decoding=\"async\" width=\"524\" height=\"1024\" src=\"https:\/\/www.laregion.bo\/wp-content\/uploads\/2023\/06\/GASTRONBOMIA-MADIDI_2_11zon-524x1024.jpg\" alt=\"\" class=\"wp-image-31474\" srcset=\"https:\/\/www.laregion.bo\/wp-content\/uploads\/2023\/06\/GASTRONBOMIA-MADIDI_2_11zon-524x1024.jpg 524w, https:\/\/www.laregion.bo\/wp-content\/uploads\/2023\/06\/GASTRONBOMIA-MADIDI_2_11zon-154x300.jpg 154w, https:\/\/www.laregion.bo\/wp-content\/uploads\/2023\/06\/GASTRONBOMIA-MADIDI_2_11zon-215x420.jpg 215w, https:\/\/www.laregion.bo\/wp-content\/uploads\/2023\/06\/GASTRONBOMIA-MADIDI_2_11zon-600x1173.jpg 600w, https:\/\/www.laregion.bo\/wp-content\/uploads\/2023\/06\/GASTRONBOMIA-MADIDI_2_11zon.jpg 655w\" sizes=\"(max-width: 524px) 100vw, 524px\" \/><\/figure>\n\n\n\n<p><br><\/p>\n\n\n\n<p>This content is taken from the \u201cSoy Bolivia\u201d verified guide, prepared in April 2023 with information provided by organizations and communities involved. This guide is updated annually to ensure its validity. In order to suggest a community tourism venture, free of charge, you are welcome to send a WhatsApp message to the number (591) 70079347.<\/p>\n\n\n\n<ul class=\"wp-block-list\">\n<li>Note: Prices are updated to May 2023.<\/li>\n<\/ul>\n\n\n\n<figure class=\"wp-block-image size-full\"><img decoding=\"async\" width=\"789\" height=\"232\" src=\"https:\/\/www.laregion.bo\/wp-content\/uploads\/2023\/05\/InglesP.jpg\" alt=\"\" class=\"wp-image-30995\" srcset=\"https:\/\/www.laregion.bo\/wp-content\/uploads\/2023\/05\/InglesP.jpg 789w, https:\/\/www.laregion.bo\/wp-content\/uploads\/2023\/05\/InglesP-300x88.jpg 300w, https:\/\/www.laregion.bo\/wp-content\/uploads\/2023\/05\/InglesP-768x226.jpg 768w, https:\/\/www.laregion.bo\/wp-content\/uploads\/2023\/05\/InglesP-696x205.jpg 696w, https:\/\/www.laregion.bo\/wp-content\/uploads\/2023\/05\/InglesP-600x176.jpg 600w\" sizes=\"(max-width: 789px) 100vw, 789px\" \/><\/figure>\n\n\n\n<p>Warning. The images in this guide were provided by representatives of the involved communities, who assured that they use these photographs for the respective promotions of their ventures.<\/p>\n<div id=\"lareg-1725903904\" class=\"lareg-pie-de-articulos\" style=\"margin-left: auto;margin-right: auto;text-align: center;\"><a href=\"https:\/\/www.laregion.bo\/politica-de-republicacion\/\" target=\"_blank\" aria-label=\"REDIFUSI\u00d3N LR\"><img src=\"https:\/\/www.laregion.bo\/wp-content\/uploads\/2022\/04\/REDIFUSION-LR.jpg\" alt=\"\"  srcset=\"https:\/\/www.laregion.bo\/wp-content\/uploads\/2022\/04\/REDIFUSION-LR.jpg 320w, https:\/\/www.laregion.bo\/wp-content\/uploads\/2022\/04\/REDIFUSION-LR-300x94.jpg 300w\" sizes=\"(max-width: 320px) 100vw, 320px\" class=\"no-lazyload\" width=\"320\" height=\"100\"   \/><\/a><\/div>","protected":false},"excerpt":{"rendered":"<p> If you want to visit the Madidi National Park, in the Bolivian Amazon, this tourism initiative managed by the area community members is a great alternative. You can opt for tours from two or more days.<\/p>\n","protected":false},"author":1,"featured_media":31477,"comment_status":"closed","ping_status":"closed","sticky":false,"template":"","format":"standard","meta":{"_relevanssi_hide_post":"","_relevanssi_hide_content":"","_relevanssi_pin_for_all":"","_relevanssi_pin_keywords":"","_relevanssi_unpin_keywords":"","_relevanssi_related_keywords":"","_relevanssi_related_include_ids":"","_relevanssi_related_exclude_ids":"","_relevanssi_related_no_append":"","_relevanssi_related_not_related":"","_relevanssi_related_posts":"","_relevanssi_noindex_reason":"","footnotes":""},"categories":[910,910,361,362],"tags":[884,911,912,912,913,913,914,915,915],"class_list":{"0":"post-31479","1":"post","2":"type-post","3":"status-publish","4":"format-standard","5":"has-post-thumbnail","7":"category-sb-tc-la-paz-en","9":"category-uncategorized","10":"category-tourism","11":"tag-bolivia-2","12":"tag-bolivia-en","13":"tag-la-paz-en","15":"tag-madidi-en","17":"tag-turismo-en","18":"tag-turismo-comunitario-en"},"yoast_head":"<!-- This site is optimized with the Yoast SEO plugin v26.8 - https:\/\/yoast.com\/product\/yoast-seo-wordpress\/ -->\n<title>Sustainable tourism in the &quot;Corazon del Madidi Ecolodge&quot; - Periodismo de medio ambiente y turismo de Bolivia<\/title>\n<meta name=\"robots\" content=\"index, follow, max-snippet:-1, max-image-preview:large, max-video-preview:-1\" \/>\n<link rel=\"canonical\" href=\"https:\/\/www.laregion.bo\/sustainable-tourism-in-the-corazon-del-madidi-ecolodge\/\" \/>\n<meta property=\"og:locale\" content=\"en_US\" \/>\n<meta property=\"og:type\" content=\"article\" \/>\n<meta property=\"og:title\" content=\"Sustainable tourism in the &quot;Corazon del Madidi Ecolodge&quot; - Periodismo de medio ambiente y turismo de Bolivia\" \/>\n<meta property=\"og:description\" content=\"If you want to visit the Madidi National Park, in the Bolivian Amazon, this tourism initiative managed by the area community members is a great alternative. You can opt for tours from two or more days.\" \/>\n<meta property=\"og:url\" content=\"https:\/\/www.laregion.bo\/sustainable-tourism-in-the-corazon-del-madidi-ecolodge\/\" \/>\n<meta property=\"og:site_name\" content=\"Periodismo de medio ambiente y turismo de Bolivia\" \/>\n<meta property=\"article:publisher\" content=\"https:\/\/www.facebook.com\/LaRegionPrensa\/\" \/>\n<meta property=\"article:published_time\" content=\"2023-06-03T15:01:42+00:00\" \/>\n<meta property=\"article:modified_time\" content=\"2023-06-03T15:14:28+00:00\" \/>\n<meta property=\"og:image\" content=\"https:\/\/www.laregion.bo\/wp-content\/uploads\/2023\/06\/PORTADA-CORAZON-DEL-MADIDI_3.jpg\" \/>\n\t<meta property=\"og:image:width\" content=\"1154\" \/>\n\t<meta property=\"og:image:height\" content=\"867\" \/>\n\t<meta property=\"og:image:type\" content=\"image\/jpeg\" \/>\n<meta name=\"author\" content=\"adm\" \/>\n<meta name=\"twitter:card\" content=\"summary_large_image\" \/>\n<meta name=\"twitter:creator\" content=\"@laregionprensa\" \/>\n<meta name=\"twitter:site\" content=\"@laregionprensa\" \/>\n<meta name=\"twitter:label1\" content=\"Written by\" \/>\n\t<meta name=\"twitter:data1\" content=\"adm\" \/>\n\t<meta name=\"twitter:label2\" content=\"Est. reading time\" \/>\n\t<meta name=\"twitter:data2\" content=\"4 minutes\" \/>\n<script type=\"application\/ld+json\" class=\"yoast-schema-graph\">{\"@context\":\"https:\/\/schema.org\",\"@graph\":[{\"@type\":\"Article\",\"@id\":\"https:\/\/www.laregion.bo\/sustainable-tourism-in-the-corazon-del-madidi-ecolodge\/#article\",\"isPartOf\":{\"@id\":\"https:\/\/www.laregion.bo\/sustainable-tourism-in-the-corazon-del-madidi-ecolodge\/\"},\"author\":{\"name\":\"adm\",\"@id\":\"https:\/\/www.laregion.bo\/#\/schema\/person\/ddf1c3b489ab9bdef641a7d2f0786aae\"},\"headline\":\"Sustainable tourism in the &#8220;Corazon del Madidi Ecolodge&#8221;\",\"datePublished\":\"2023-06-03T15:01:42+00:00\",\"dateModified\":\"2023-06-03T15:14:28+00:00\",\"mainEntityOfPage\":{\"@id\":\"https:\/\/www.laregion.bo\/sustainable-tourism-in-the-corazon-del-madidi-ecolodge\/\"},\"wordCount\":615,\"publisher\":{\"@id\":\"https:\/\/www.laregion.bo\/#organization\"},\"image\":{\"@id\":\"https:\/\/www.laregion.bo\/sustainable-tourism-in-the-corazon-del-madidi-ecolodge\/#primaryimage\"},\"thumbnailUrl\":\"https:\/\/www.laregion.bo\/wp-content\/uploads\/2023\/06\/PORTADA-CORAZON-DEL-MADIDI_3.jpg\",\"keywords\":[\"Bolivia\",\"Bolivia\",\"La Paz\",\"La Paz\",\"Madidi\",\"Madidi\",\"Turismo\",\"Turismo comunitario\",\"Turismo comunitario\"],\"articleSection\":{\"0\":\"La Paz\",\"1\":\"La Paz\",\"3\":\"Tourism\"},\"inLanguage\":\"en-US\"},{\"@type\":\"WebPage\",\"@id\":\"https:\/\/www.laregion.bo\/sustainable-tourism-in-the-corazon-del-madidi-ecolodge\/\",\"url\":\"https:\/\/www.laregion.bo\/sustainable-tourism-in-the-corazon-del-madidi-ecolodge\/\",\"name\":\"Sustainable tourism in the \\\"Corazon del Madidi Ecolodge\\\" - Periodismo de medio ambiente y turismo de Bolivia\",\"isPartOf\":{\"@id\":\"https:\/\/www.laregion.bo\/#website\"},\"primaryImageOfPage\":{\"@id\":\"https:\/\/www.laregion.bo\/sustainable-tourism-in-the-corazon-del-madidi-ecolodge\/#primaryimage\"},\"image\":{\"@id\":\"https:\/\/www.laregion.bo\/sustainable-tourism-in-the-corazon-del-madidi-ecolodge\/#primaryimage\"},\"thumbnailUrl\":\"https:\/\/www.laregion.bo\/wp-content\/uploads\/2023\/06\/PORTADA-CORAZON-DEL-MADIDI_3.jpg\",\"datePublished\":\"2023-06-03T15:01:42+00:00\",\"dateModified\":\"2023-06-03T15:14:28+00:00\",\"breadcrumb\":{\"@id\":\"https:\/\/www.laregion.bo\/sustainable-tourism-in-the-corazon-del-madidi-ecolodge\/#breadcrumb\"},\"inLanguage\":\"en-US\",\"potentialAction\":[{\"@type\":\"ReadAction\",\"target\":[\"https:\/\/www.laregion.bo\/sustainable-tourism-in-the-corazon-del-madidi-ecolodge\/\"]}]},{\"@type\":\"ImageObject\",\"inLanguage\":\"en-US\",\"@id\":\"https:\/\/www.laregion.bo\/sustainable-tourism-in-the-corazon-del-madidi-ecolodge\/#primaryimage\",\"url\":\"https:\/\/www.laregion.bo\/wp-content\/uploads\/2023\/06\/PORTADA-CORAZON-DEL-MADIDI_3.jpg\",\"contentUrl\":\"https:\/\/www.laregion.bo\/wp-content\/uploads\/2023\/06\/PORTADA-CORAZON-DEL-MADIDI_3.jpg\",\"width\":1154,\"height\":867},{\"@type\":\"BreadcrumbList\",\"@id\":\"https:\/\/www.laregion.bo\/sustainable-tourism-in-the-corazon-del-madidi-ecolodge\/#breadcrumb\",\"itemListElement\":[{\"@type\":\"ListItem\",\"position\":1,\"name\":\"Portada\",\"item\":\"https:\/\/www.laregion.bo\/\"},{\"@type\":\"ListItem\",\"position\":2,\"name\":\"Sustainable tourism in the &#8220;Corazon del Madidi Ecolodge&#8221;\"}]},{\"@type\":\"WebSite\",\"@id\":\"https:\/\/www.laregion.bo\/#website\",\"url\":\"https:\/\/www.laregion.bo\/\",\"name\":\"La Regi\u00f3n\",\"description\":\"Informaci\u00f3n independiente sobre medio ambiente, cambio clim\u00e1tico, turismo comunitario, pueblos ind\u00edgenas de Bolivia\",\"publisher\":{\"@id\":\"https:\/\/www.laregion.bo\/#organization\"},\"potentialAction\":[{\"@type\":\"SearchAction\",\"target\":{\"@type\":\"EntryPoint\",\"urlTemplate\":\"https:\/\/www.laregion.bo\/?s={search_term_string}\"},\"query-input\":{\"@type\":\"PropertyValueSpecification\",\"valueRequired\":true,\"valueName\":\"search_term_string\"}}],\"inLanguage\":\"en-US\"},{\"@type\":\"Organization\",\"@id\":\"https:\/\/www.laregion.bo\/#organization\",\"name\":\"LA REGI\u00d3N\",\"url\":\"https:\/\/www.laregion.bo\/\",\"logo\":{\"@type\":\"ImageObject\",\"inLanguage\":\"en-US\",\"@id\":\"https:\/\/www.laregion.bo\/#\/schema\/logo\/image\/\",\"url\":\"https:\/\/www.laregion.bo\/wp-content\/uploads\/2019\/04\/logo-laregion400.png\",\"contentUrl\":\"https:\/\/www.laregion.bo\/wp-content\/uploads\/2019\/04\/logo-laregion400.png\",\"width\":400,\"height\":61,\"caption\":\"LA REGI\u00d3N\"},\"image\":{\"@id\":\"https:\/\/www.laregion.bo\/#\/schema\/logo\/image\/\"},\"sameAs\":[\"https:\/\/www.facebook.com\/LaRegionPrensa\/\",\"https:\/\/x.com\/laregionprensa\",\"https:\/\/www.instagram.com\/laregionprensa\/\",\"https:\/\/www.youtube.com\/user\/laregionbolivia\"]},{\"@type\":\"Person\",\"@id\":\"https:\/\/www.laregion.bo\/#\/schema\/person\/ddf1c3b489ab9bdef641a7d2f0786aae\",\"name\":\"adm\"}]}<\/script>\n<!-- \/ Yoast SEO plugin. -->","yoast_head_json":{"title":"Sustainable tourism in the \"Corazon del Madidi Ecolodge\" - Periodismo de medio ambiente y turismo de Bolivia","robots":{"index":"index","follow":"follow","max-snippet":"max-snippet:-1","max-image-preview":"max-image-preview:large","max-video-preview":"max-video-preview:-1"},"canonical":"https:\/\/www.laregion.bo\/sustainable-tourism-in-the-corazon-del-madidi-ecolodge\/","og_locale":"en_US","og_type":"article","og_title":"Sustainable tourism in the \"Corazon del Madidi Ecolodge\" - Periodismo de medio ambiente y turismo de Bolivia","og_description":"If you want to visit the Madidi National Park, in the Bolivian Amazon, this tourism initiative managed by the area community members is a great alternative. You can opt for tours from two or more days.","og_url":"https:\/\/www.laregion.bo\/sustainable-tourism-in-the-corazon-del-madidi-ecolodge\/","og_site_name":"Periodismo de medio ambiente y turismo de Bolivia","article_publisher":"https:\/\/www.facebook.com\/LaRegionPrensa\/","article_published_time":"2023-06-03T15:01:42+00:00","article_modified_time":"2023-06-03T15:14:28+00:00","og_image":[{"width":1154,"height":867,"url":"https:\/\/www.laregion.bo\/wp-content\/uploads\/2023\/06\/PORTADA-CORAZON-DEL-MADIDI_3.jpg","type":"image\/jpeg"}],"author":"adm","twitter_card":"summary_large_image","twitter_creator":"@laregionprensa","twitter_site":"@laregionprensa","twitter_misc":{"Written by":"adm","Est. reading time":"4 minutes"},"schema":{"@context":"https:\/\/schema.org","@graph":[{"@type":"Article","@id":"https:\/\/www.laregion.bo\/sustainable-tourism-in-the-corazon-del-madidi-ecolodge\/#article","isPartOf":{"@id":"https:\/\/www.laregion.bo\/sustainable-tourism-in-the-corazon-del-madidi-ecolodge\/"},"author":{"name":"adm","@id":"https:\/\/www.laregion.bo\/#\/schema\/person\/ddf1c3b489ab9bdef641a7d2f0786aae"},"headline":"Sustainable tourism in the &#8220;Corazon del Madidi Ecolodge&#8221;","datePublished":"2023-06-03T15:01:42+00:00","dateModified":"2023-06-03T15:14:28+00:00","mainEntityOfPage":{"@id":"https:\/\/www.laregion.bo\/sustainable-tourism-in-the-corazon-del-madidi-ecolodge\/"},"wordCount":615,"publisher":{"@id":"https:\/\/www.laregion.bo\/#organization"},"image":{"@id":"https:\/\/www.laregion.bo\/sustainable-tourism-in-the-corazon-del-madidi-ecolodge\/#primaryimage"},"thumbnailUrl":"https:\/\/www.laregion.bo\/wp-content\/uploads\/2023\/06\/PORTADA-CORAZON-DEL-MADIDI_3.jpg","keywords":["Bolivia","Bolivia","La Paz","La Paz","Madidi","Madidi","Turismo","Turismo comunitario","Turismo comunitario"],"articleSection":{"0":"La Paz","1":"La Paz","3":"Tourism"},"inLanguage":"en-US"},{"@type":"WebPage","@id":"https:\/\/www.laregion.bo\/sustainable-tourism-in-the-corazon-del-madidi-ecolodge\/","url":"https:\/\/www.laregion.bo\/sustainable-tourism-in-the-corazon-del-madidi-ecolodge\/","name":"Sustainable tourism in the \"Corazon del Madidi Ecolodge\" - Periodismo de medio ambiente y turismo de Bolivia","isPartOf":{"@id":"https:\/\/www.laregion.bo\/#website"},"primaryImageOfPage":{"@id":"https:\/\/www.laregion.bo\/sustainable-tourism-in-the-corazon-del-madidi-ecolodge\/#primaryimage"},"image":{"@id":"https:\/\/www.laregion.bo\/sustainable-tourism-in-the-corazon-del-madidi-ecolodge\/#primaryimage"},"thumbnailUrl":"https:\/\/www.laregion.bo\/wp-content\/uploads\/2023\/06\/PORTADA-CORAZON-DEL-MADIDI_3.jpg","datePublished":"2023-06-03T15:01:42+00:00","dateModified":"2023-06-03T15:14:28+00:00","breadcrumb":{"@id":"https:\/\/www.laregion.bo\/sustainable-tourism-in-the-corazon-del-madidi-ecolodge\/#breadcrumb"},"inLanguage":"en-US","potentialAction":[{"@type":"ReadAction","target":["https:\/\/www.laregion.bo\/sustainable-tourism-in-the-corazon-del-madidi-ecolodge\/"]}]},{"@type":"ImageObject","inLanguage":"en-US","@id":"https:\/\/www.laregion.bo\/sustainable-tourism-in-the-corazon-del-madidi-ecolodge\/#primaryimage","url":"https:\/\/www.laregion.bo\/wp-content\/uploads\/2023\/06\/PORTADA-CORAZON-DEL-MADIDI_3.jpg","contentUrl":"https:\/\/www.laregion.bo\/wp-content\/uploads\/2023\/06\/PORTADA-CORAZON-DEL-MADIDI_3.jpg","width":1154,"height":867},{"@type":"BreadcrumbList","@id":"https:\/\/www.laregion.bo\/sustainable-tourism-in-the-corazon-del-madidi-ecolodge\/#breadcrumb","itemListElement":[{"@type":"ListItem","position":1,"name":"Portada","item":"https:\/\/www.laregion.bo\/"},{"@type":"ListItem","position":2,"name":"Sustainable tourism in the &#8220;Corazon del Madidi Ecolodge&#8221;"}]},{"@type":"WebSite","@id":"https:\/\/www.laregion.bo\/#website","url":"https:\/\/www.laregion.bo\/","name":"La Regi\u00f3n","description":"Informaci\u00f3n independiente sobre medio ambiente, cambio clim\u00e1tico, turismo comunitario, pueblos ind\u00edgenas de Bolivia","publisher":{"@id":"https:\/\/www.laregion.bo\/#organization"},"potentialAction":[{"@type":"SearchAction","target":{"@type":"EntryPoint","urlTemplate":"https:\/\/www.laregion.bo\/?s={search_term_string}"},"query-input":{"@type":"PropertyValueSpecification","valueRequired":true,"valueName":"search_term_string"}}],"inLanguage":"en-US"},{"@type":"Organization","@id":"https:\/\/www.laregion.bo\/#organization","name":"LA REGI\u00d3N","url":"https:\/\/www.laregion.bo\/","logo":{"@type":"ImageObject","inLanguage":"en-US","@id":"https:\/\/www.laregion.bo\/#\/schema\/logo\/image\/","url":"https:\/\/www.laregion.bo\/wp-content\/uploads\/2019\/04\/logo-laregion400.png","contentUrl":"https:\/\/www.laregion.bo\/wp-content\/uploads\/2019\/04\/logo-laregion400.png","width":400,"height":61,"caption":"LA REGI\u00d3N"},"image":{"@id":"https:\/\/www.laregion.bo\/#\/schema\/logo\/image\/"},"sameAs":["https:\/\/www.facebook.com\/LaRegionPrensa\/","https:\/\/x.com\/laregionprensa","https:\/\/www.instagram.com\/laregionprensa\/","https:\/\/www.youtube.com\/user\/laregionbolivia"]},{"@type":"Person","@id":"https:\/\/www.laregion.bo\/#\/schema\/person\/ddf1c3b489ab9bdef641a7d2f0786aae","name":"adm"}]}},"_links":{"self":[{"href":"https:\/\/www.laregion.bo\/en\/wp-json\/wp\/v2\/posts\/31479","targetHints":{"allow":["GET"]}}],"collection":[{"href":"https:\/\/www.laregion.bo\/en\/wp-json\/wp\/v2\/posts"}],"about":[{"href":"https:\/\/www.laregion.bo\/en\/wp-json\/wp\/v2\/types\/post"}],"author":[{"embeddable":true,"href":"https:\/\/www.laregion.bo\/en\/wp-json\/wp\/v2\/users\/1"}],"replies":[{"embeddable":true,"href":"https:\/\/www.laregion.bo\/en\/wp-json\/wp\/v2\/comments?post=31479"}],"version-history":[{"count":0,"href":"https:\/\/www.laregion.bo\/en\/wp-json\/wp\/v2\/posts\/31479\/revisions"}],"wp:featuredmedia":[{"embeddable":true,"href":"https:\/\/www.laregion.bo\/en\/wp-json\/wp\/v2\/media\/31477"}],"wp:attachment":[{"href":"https:\/\/www.laregion.bo\/en\/wp-json\/wp\/v2\/media?parent=31479"}],"wp:term":[{"taxonomy":"category","embeddable":true,"href":"https:\/\/www.laregion.bo\/en\/wp-json\/wp\/v2\/categories?post=31479"},{"taxonomy":"post_tag","embeddable":true,"href":"https:\/\/www.laregion.bo\/en\/wp-json\/wp\/v2\/tags?post=31479"}],"curies":[{"name":"wp","href":"https:\/\/api.w.org\/{rel}","templated":true}]}}