{"id":35319,"date":"2023-12-19T16:17:17","date_gmt":"2023-12-19T20:17:17","guid":{"rendered":"https:\/\/www.laregion.bo\/loma-santa-un-area-indigena-de-conservacion-y-expresion-de-la-autonomia-del-tim\/"},"modified":"2025-02-11T22:06:34","modified_gmt":"2025-02-12T02:06:34","slug":"loma-santa-an-indigenous-conservation-area-and-expression-of-the-autonomy-of-the-mit","status":"publish","type":"post","link":"https:\/\/www.laregion.bo\/en\/loma-santa-an-indigenous-conservation-area-and-expression-of-the-autonomy-of-the-mit\/","title":{"rendered":"Loma Santa, an indigenous conservation area and expression of the autonomy of the MIT"},"content":{"rendered":"\n<div class=\"wp-block-buttons is-layout-flex wp-block-buttons-is-layout-flex\">\n<div class=\"wp-block-button\"><a class=\"wp-block-button__link has-vivid-purple-background-color has-background wp-element-button\">Con Prop\u00f3sito \/ Fernando Garc\u00eda Torrez<\/a><\/div>\n<\/div>\n\n\n\n<p>The Multiethnic Indigenous Territory (MIT) extends over half a million hectares of land located between the provinces of Mojos and Yacuma, in the department of Beni. Of that amount, 41% corresponds to the Loma Santa Conservation Area, which in its 206,211 hectares conserves water sources, Amazon forest and floodplains, as well as a wide variety of species of fauna and flora.<\/p>\n\n\n\n<p>&#8220;This is a key area of water recharge, it takes the place of the springs and the best-preserved forest, as well as the most vulnerable indigenous communities that are the T&#8217;simanes. It is an autonomous conservation area of the MIT. In fact, Loma Santa was created at a meeting of the Reeve, the highest authority of the territory, who made the decision to create a space where the springs of the water are protected and where the reproduction of species of fauna and valuable wood that are already being lost is allowed,&#8221; explains Catalina Rivadeneira, coordinator of the natural resources management project of the MIT, that the Legal and Social Support Organization ORE promotes in that territory.<\/p>\n\n\n\n<div class=\"wp-block-media-text is-stacked-on-mobile\" style=\"grid-template-columns:25% auto\"><figure class=\"wp-block-media-text__media\"><img fetchpriority=\"high\" decoding=\"async\" width=\"1024\" height=\"683\" src=\"https:\/\/www.laregion.bo\/wp-content\/uploads\/2023\/12\/Camino-a-San-Salvador-del-Apere-1024x683.jpg\" alt=\"\" class=\"wp-image-35222 size-full\" srcset=\"https:\/\/www.laregion.bo\/wp-content\/uploads\/2023\/12\/Camino-a-San-Salvador-del-Apere-1024x683.jpg 1024w, https:\/\/www.laregion.bo\/wp-content\/uploads\/2023\/12\/Camino-a-San-Salvador-del-Apere-300x200.jpg 300w, https:\/\/www.laregion.bo\/wp-content\/uploads\/2023\/12\/Camino-a-San-Salvador-del-Apere-768x512.jpg 768w, https:\/\/www.laregion.bo\/wp-content\/uploads\/2023\/12\/Camino-a-San-Salvador-del-Apere-1536x1024.jpg 1536w, https:\/\/www.laregion.bo\/wp-content\/uploads\/2023\/12\/Camino-a-San-Salvador-del-Apere-2048x1365.jpg 2048w, https:\/\/www.laregion.bo\/wp-content\/uploads\/2023\/12\/Camino-a-San-Salvador-del-Apere-696x464.jpg 696w, https:\/\/www.laregion.bo\/wp-content\/uploads\/2023\/12\/Camino-a-San-Salvador-del-Apere-1068x712.jpg 1068w, https:\/\/www.laregion.bo\/wp-content\/uploads\/2023\/12\/Camino-a-San-Salvador-del-Apere-1920x1280.jpg 1920w, https:\/\/www.laregion.bo\/wp-content\/uploads\/2023\/12\/Camino-a-San-Salvador-del-Apere-630x420.jpg 630w\" sizes=\"(max-width: 1024px) 100vw, 1024px\" \/><\/figure><div class=\"wp-block-media-text__content\">\n<p class=\"has-vivid-cyan-blue-color has-text-color has-link-color wp-elements-a0c3744d3ba81df3dfd8cabb09f365e1\">Read more: <a href=\"https:\/\/www.laregion.bo\/en\/five-indigenous-villages-in-the-bolivian-amazon-use-technology-and-checkpoints-to-self-govern-and-preserve-their-territor\/\">Five indigenous villages in the Bolivian amazon use technology and checkpoints to self-govern and preserve their territor<\/a><\/p>\n<\/div><\/div>\n\n\n\n<p>Between June 2020 and December 2021, the Subcentral of Indigenous Councils of the MIT, with the support of ORE, carried out data collection in 23 of the 26 communities that make up the territory. Environmental, socio-political, and productive information was collected.<\/p><div id=\"lareg-112620163\" class=\"lareg-contenido\" style=\"margin-right: 20px;\"><img src=\"https:\/\/www.laregion.bo\/wp-content\/uploads\/2024\/10\/Apoyanos-2026.jpg\" alt=\"\"  srcset=\"https:\/\/www.laregion.bo\/wp-content\/uploads\/2024\/10\/Apoyanos-2026.jpg 268w, https:\/\/www.laregion.bo\/wp-content\/uploads\/2024\/10\/Apoyanos-2026-134x300.jpg 134w, https:\/\/www.laregion.bo\/wp-content\/uploads\/2024\/10\/Apoyanos-2026-188x420.jpg 188w\" sizes=\"(max-width: 268px) 100vw, 268px\" class=\"no-lazyload\" width=\"268\" height=\"600\"  style=\"display: inline-block;\" \/><\/div>\n\n\n\n<p>The result of this work was materialized on September 30, 2022, when the &#8220;Plan for the Autonomous Management and Control of Natural Resources and Biodiversity&#8221; of the MIT was presented, which establishes that the Loma Santa Conservation Area is subdivided into two: the biodiversity conservation area, and the core reproduction area. It also defines a zoning of six areas of use, with permitted activities and their restrictions.<\/p>\n\n\n\n<p><\/p>\n\n\n\n<figure class=\"wp-block-image size-large\"><img decoding=\"async\" width=\"1024\" height=\"724\" src=\"https:\/\/www.laregion.bo\/wp-content\/uploads\/2023\/12\/Mapa-area-de-conservacion-TIM-1024x724.jpeg\" alt=\"\" class=\"wp-image-35289\" srcset=\"https:\/\/www.laregion.bo\/wp-content\/uploads\/2023\/12\/Mapa-area-de-conservacion-TIM-1024x724.jpeg 1024w, https:\/\/www.laregion.bo\/wp-content\/uploads\/2023\/12\/Mapa-area-de-conservacion-TIM-300x212.jpeg 300w, https:\/\/www.laregion.bo\/wp-content\/uploads\/2023\/12\/Mapa-area-de-conservacion-TIM-768x543.jpeg 768w, https:\/\/www.laregion.bo\/wp-content\/uploads\/2023\/12\/Mapa-area-de-conservacion-TIM-696x492.jpeg 696w, https:\/\/www.laregion.bo\/wp-content\/uploads\/2023\/12\/Mapa-area-de-conservacion-TIM-1068x755.jpeg 1068w, https:\/\/www.laregion.bo\/wp-content\/uploads\/2023\/12\/Mapa-area-de-conservacion-TIM-594x420.jpeg 594w, https:\/\/www.laregion.bo\/wp-content\/uploads\/2023\/12\/Mapa-area-de-conservacion-TIM-100x70.jpeg 100w, https:\/\/www.laregion.bo\/wp-content\/uploads\/2023\/12\/Mapa-area-de-conservacion-TIM.jpeg 1536w\" sizes=\"(max-width: 1024px) 100vw, 1024px\" \/><\/figure>\n\n\n\n<p>This subdivision and the other features of Loma Santa were possible thanks to Resolution Vote 01 (of November 26, 2022), of the Subcentral of Indigenous Councils of the MIT, a resolution that was approved by the Reeve of the communities of the Multiethnic Indigenous Territory, a document available for consultation online or download through the MIT Governance (<a href=\"https:\/\/timgobernanzaterritorial.com\/\">timgobernanzaterritorial.com<\/a>) website.<\/p>\n\n\n\n<p><strong>The Loma Santa Subdivision<\/strong><\/p>\n\n\n\n<figure class=\"wp-block-image size-large\"><img decoding=\"async\" width=\"1024\" height=\"683\" src=\"https:\/\/www.laregion.bo\/wp-content\/uploads\/2023\/12\/Puesto-Monte-Grande-1024x683.jpg\" alt=\"\" class=\"wp-image-35296\" srcset=\"https:\/\/www.laregion.bo\/wp-content\/uploads\/2023\/12\/Puesto-Monte-Grande-1024x683.jpg 1024w, https:\/\/www.laregion.bo\/wp-content\/uploads\/2023\/12\/Puesto-Monte-Grande-300x200.jpg 300w, https:\/\/www.laregion.bo\/wp-content\/uploads\/2023\/12\/Puesto-Monte-Grande-768x512.jpg 768w, https:\/\/www.laregion.bo\/wp-content\/uploads\/2023\/12\/Puesto-Monte-Grande-1536x1024.jpg 1536w, https:\/\/www.laregion.bo\/wp-content\/uploads\/2023\/12\/Puesto-Monte-Grande-2048x1365.jpg 2048w, https:\/\/www.laregion.bo\/wp-content\/uploads\/2023\/12\/Puesto-Monte-Grande-696x464.jpg 696w, https:\/\/www.laregion.bo\/wp-content\/uploads\/2023\/12\/Puesto-Monte-Grande-1068x712.jpg 1068w, https:\/\/www.laregion.bo\/wp-content\/uploads\/2023\/12\/Puesto-Monte-Grande-1920x1280.jpg 1920w, https:\/\/www.laregion.bo\/wp-content\/uploads\/2023\/12\/Puesto-Monte-Grande-630x420.jpg 630w\" sizes=\"(max-width: 1024px) 100vw, 1024px\" \/><figcaption class=\"wp-element-caption\">The control post of Monte Grande del Apere. \/ Photo: Pedro Laguna, ORE<br><br><br><\/figcaption><\/figure>\n\n\n\n<p>Of the two areas defined for preservation in Loma Santa, the biodiversity conservation subzone occupies a large part of its surface area and is home to some T&#8217;simane communities that depend entirely on the richness of these forests for their subsistence.<\/p>\n\n\n\n<p>This indigenous people, who live in different places in the interior of the MIT, base their diet on the meat of jochi, tropero, taitet\u00fa and anta, as well as other river species that they obtain thanks to hunting and fishing. They also have small crops of cassava, corn, and rice, limited to family consumption; Hence the importance of having the area where they take their food from well preserved.<\/p>\n\n\n\n<p>Something different happens with the reproduction nucleus, which is an area where communities do not live and is a space of greater protection to ensure that species can reproduce and maintain the functioning of the forest.<\/p>\n\n\n\n<p><\/p>\n\n\n\n<h2 class=\"wp-block-heading\"><strong>The Importance of Conservation<\/strong><\/h2>\n\n\n\n<p>Article 64 of the MIT&#8217;s Autonomous Statute on Food Sovereignty establishes the protection of the components of the territory: water sources (rivers, streams, lakes, lagoons, swamp), the mountains and the pampas.<\/p>\n\n\n\n<p>The conservation of this territorial space is not only in the hands of the MIT, since areas such as those occupied by the Chim\u00e1n Indigenous Territory (CIT) and the Indigenous Territory and National Park Isiboro S\u00e9cure (Tipnis) have a fundamental participation in the comprehensive care of the forests of the department of Beni.<\/p>\n\n\n\n<figure class=\"wp-block-embed is-type-wp-embed is-provider-incrustado wp-block-embed-incrustado\"><div class=\"wp-block-embed__wrapper\">\n<blockquote class=\"wp-embedded-content\" data-secret=\"yKQIqYK1Co\"><a href=\"https:\/\/timgobernanzaterritorial.com\/geovisor-tim\/\">Geovisor TIM<\/a><\/blockquote><iframe class=\"wp-embedded-content\" sandbox=\"allow-scripts\" security=\"restricted\" style=\"position: absolute; clip: rect(1px, 1px, 1px, 1px);\" title=\"\u00abGeovisor TIM\u00bb \u2014 \" src=\"https:\/\/timgobernanzaterritorial.com\/geovisor-tim\/embed\/#?secret=CvBSQvUFOJ#?secret=yKQIqYK1Co\" data-secret=\"yKQIqYK1Co\" width=\"600\" height=\"338\" frameborder=\"0\" marginwidth=\"0\" marginheight=\"0\" scrolling=\"no\"><\/iframe>\n<\/div><\/figure>\n\n\n\n<p>&#8220;The Eva-Eva mountain range, on one side, it is a Chim\u00e1n Indigenous Territory (CIT), on another side, it is a protected area at the departmental level, and on the other side, it is a protected area of water reserve at the municipal level, that is, it has three categories. This area is the source of all the rivers of the MIT, from here all the springs are born. In other words, the water system of the MIT is absolutely dependent on the Eva-Eva mountain range; anything that happens to Eva-Eva influences the MIT and the CIT,&#8221; Rivadeneira described.<\/p>\n\n\n\n<p>The Multiethnic Indigenous Territory notes the need to make joint efforts with the CIT, the Tipnis and the Eva-Eva-Mosetenes Watershed Protection Zone, which is a departmental protected area of Beni, since they are territories that depend on and influence each other.<\/p>\n\n\n\n<figure class=\"wp-block-image size-large\"><img loading=\"lazy\" decoding=\"async\" width=\"1024\" height=\"683\" src=\"https:\/\/www.laregion.bo\/wp-content\/uploads\/2023\/12\/Rio-Apere-San-Salvador-TIM-1024x683.jpg\" alt=\"\" class=\"wp-image-35294\" srcset=\"https:\/\/www.laregion.bo\/wp-content\/uploads\/2023\/12\/Rio-Apere-San-Salvador-TIM-1024x683.jpg 1024w, https:\/\/www.laregion.bo\/wp-content\/uploads\/2023\/12\/Rio-Apere-San-Salvador-TIM-300x200.jpg 300w, https:\/\/www.laregion.bo\/wp-content\/uploads\/2023\/12\/Rio-Apere-San-Salvador-TIM-768x512.jpg 768w, https:\/\/www.laregion.bo\/wp-content\/uploads\/2023\/12\/Rio-Apere-San-Salvador-TIM-1536x1024.jpg 1536w, https:\/\/www.laregion.bo\/wp-content\/uploads\/2023\/12\/Rio-Apere-San-Salvador-TIM-2048x1365.jpg 2048w, https:\/\/www.laregion.bo\/wp-content\/uploads\/2023\/12\/Rio-Apere-San-Salvador-TIM-696x464.jpg 696w, https:\/\/www.laregion.bo\/wp-content\/uploads\/2023\/12\/Rio-Apere-San-Salvador-TIM-1068x712.jpg 1068w, https:\/\/www.laregion.bo\/wp-content\/uploads\/2023\/12\/Rio-Apere-San-Salvador-TIM-1920x1280.jpg 1920w, https:\/\/www.laregion.bo\/wp-content\/uploads\/2023\/12\/Rio-Apere-San-Salvador-TIM-630x420.jpg 630w\" sizes=\"(max-width: 1024px) 100vw, 1024px\" \/><figcaption class=\"wp-element-caption\">A drone-captured view in San Salvador, where the waters of the Apere River flow. \/ Photo: Pedro Laguna, ORE<\/figcaption><\/figure>\n\n\n\n<p>With the implementation of multiethnic indigenous self-government, it is expected that the Autonomous Indigenous Government of the MIT (AIG-MIT) will structure an Environmental Unit dedicated to managing conservation issues, based on information obtained from control and surveillance posts, such as those already operating in Monte Grande del Apere and Cuberene, which is planned to be extended to other strategic areas of the territory.<\/p>\n\n\n\n<p>The TIM Governance (<a href=\"https:\/\/timgobernanzaterritorial.com\/\">timgobernanzaterritorial.com<\/a>) web portal has a regulatory compendium in which documents related to the Loma Santa Conservation Area and the AIG-MIT can be consulted online or downloaded. It also compiles maps of the MIT and territorial, management, control and surveillance information of the territory, a series of data that emerges from the checkpoints and that can eventually become tools for decision-making by the authorities of the new government.<\/p>\n<div id=\"lareg-2446897696\" class=\"lareg-pie-de-articulos\" style=\"margin-left: auto;margin-right: auto;text-align: center;\"><a href=\"https:\/\/www.laregion.bo\/politica-de-republicacion\/\" target=\"_blank\" aria-label=\"REDIFUSI\u00d3N LR\"><img src=\"https:\/\/www.laregion.bo\/wp-content\/uploads\/2022\/04\/REDIFUSION-LR.jpg\" alt=\"\"  srcset=\"https:\/\/www.laregion.bo\/wp-content\/uploads\/2022\/04\/REDIFUSION-LR.jpg 320w, https:\/\/www.laregion.bo\/wp-content\/uploads\/2022\/04\/REDIFUSION-LR-300x94.jpg 300w\" sizes=\"(max-width: 320px) 100vw, 320px\" class=\"no-lazyload\" width=\"320\" height=\"100\"   \/><\/a><\/div>","protected":false},"excerpt":{"rendered":"<p>41% of the Multiethnic Indigenous Territory corresponds to this area of water sources, Amazon forest and floodplains, where a great variety of species of fauna and flora live.<\/p>\n","protected":false},"author":16,"featured_media":35299,"comment_status":"closed","ping_status":"closed","sticky":false,"template":"","format":"standard","meta":{"_relevanssi_hide_post":"","_relevanssi_hide_content":"","_relevanssi_pin_for_all":"","_relevanssi_pin_keywords":"","_relevanssi_unpin_keywords":"","_relevanssi_related_keywords":"","_relevanssi_related_include_ids":"","_relevanssi_related_exclude_ids":"","_relevanssi_related_no_append":"","_relevanssi_related_not_related":"","_relevanssi_related_posts":"22627,3223,24131,20146,17061,35502","_relevanssi_noindex_reason":"","footnotes":""},"categories":[1151,361],"tags":[1147,1149,1159,1145],"class_list":{"0":"post-35319","1":"post","2":"type-post","3":"status-publish","4":"format-standard","5":"has-post-thumbnail","7":"category-con-proposito-en","8":"category-uncategorized","9":"tag-autonomia-indigena-2","10":"tag-loma-santa-2","11":"tag-loma-santa-en","12":"tag-tim-2"},"yoast_head":"<!-- This site is optimized with the Yoast SEO plugin v26.8 - https:\/\/yoast.com\/product\/yoast-seo-wordpress\/ -->\n<title>Loma Santa, an indigenous conservation area and expression of the autonomy of the MIT - Periodismo de medio ambiente y turismo de Bolivia<\/title>\n<meta name=\"description\" content=\"El 41% del Territorio Ind\u00edgena Multi\u00e9tnico corresponde a este espacio de nacientes de agua, bosque amaz\u00f3nico y llanuras inundables, donde habita gran variedad de especies de fauna y flora.\" \/>\n<meta name=\"robots\" content=\"index, follow, max-snippet:-1, max-image-preview:large, max-video-preview:-1\" \/>\n<link rel=\"canonical\" href=\"https:\/\/www.laregion.bo\/loma-santa-an-indigenous-conservation-area-and-expression-of-the-autonomy-of-the-mit\/\" \/>\n<meta property=\"og:locale\" content=\"en_US\" \/>\n<meta property=\"og:type\" content=\"article\" \/>\n<meta property=\"og:title\" content=\"Loma Santa, an indigenous conservation area and expression of the autonomy of the MIT - Periodismo de medio ambiente y turismo de Bolivia\" \/>\n<meta property=\"og:description\" content=\"El 41% del Territorio Ind\u00edgena Multi\u00e9tnico corresponde a este espacio de nacientes de agua, bosque amaz\u00f3nico y llanuras inundables, donde habita gran variedad de especies de fauna y flora.\" \/>\n<meta property=\"og:url\" content=\"https:\/\/www.laregion.bo\/loma-santa-an-indigenous-conservation-area-and-expression-of-the-autonomy-of-the-mit\/\" \/>\n<meta property=\"og:site_name\" content=\"Periodismo de medio ambiente y turismo de Bolivia\" \/>\n<meta property=\"article:publisher\" content=\"https:\/\/www.facebook.com\/LaRegionPrensa\/\" \/>\n<meta property=\"article:published_time\" content=\"2023-12-19T20:17:17+00:00\" \/>\n<meta property=\"article:modified_time\" content=\"2025-02-12T02:06:34+00:00\" \/>\n<meta property=\"og:image\" content=\"https:\/\/www.laregion.bo\/wp-content\/uploads\/2023\/12\/Ingreso-Loma-Santa-TIM-scaled.jpg\" \/>\n\t<meta property=\"og:image:width\" content=\"2560\" \/>\n\t<meta property=\"og:image:height\" content=\"1707\" \/>\n\t<meta property=\"og:image:type\" content=\"image\/jpeg\" \/>\n<meta name=\"author\" content=\"Comercial1 La Regi\u00f3n\" \/>\n<meta name=\"twitter:card\" content=\"summary_large_image\" \/>\n<meta name=\"twitter:creator\" content=\"@laregionprensa\" \/>\n<meta name=\"twitter:site\" content=\"@laregionprensa\" \/>\n<meta name=\"twitter:label1\" content=\"Written by\" \/>\n\t<meta name=\"twitter:data1\" content=\"Comercial1 La Regi\u00f3n\" \/>\n\t<meta name=\"twitter:label2\" content=\"Est. reading time\" \/>\n\t<meta name=\"twitter:data2\" content=\"6 minutes\" \/>\n<script type=\"application\/ld+json\" class=\"yoast-schema-graph\">{\"@context\":\"https:\/\/schema.org\",\"@graph\":[{\"@type\":\"Article\",\"@id\":\"https:\/\/www.laregion.bo\/loma-santa-an-indigenous-conservation-area-and-expression-of-the-autonomy-of-the-mit\/#article\",\"isPartOf\":{\"@id\":\"https:\/\/www.laregion.bo\/loma-santa-an-indigenous-conservation-area-and-expression-of-the-autonomy-of-the-mit\/\"},\"author\":{\"name\":\"Comercial1 La Regi\u00f3n\",\"@id\":\"https:\/\/www.laregion.bo\/#\/schema\/person\/55e473b033e4e06744e031fe4437f81e\"},\"headline\":\"Loma Santa, an indigenous conservation area and expression of the autonomy of the MIT\",\"datePublished\":\"2023-12-19T20:17:17+00:00\",\"dateModified\":\"2025-02-12T02:06:34+00:00\",\"mainEntityOfPage\":{\"@id\":\"https:\/\/www.laregion.bo\/loma-santa-an-indigenous-conservation-area-and-expression-of-the-autonomy-of-the-mit\/\"},\"wordCount\":925,\"publisher\":{\"@id\":\"https:\/\/www.laregion.bo\/#organization\"},\"image\":{\"@id\":\"https:\/\/www.laregion.bo\/loma-santa-an-indigenous-conservation-area-and-expression-of-the-autonomy-of-the-mit\/#primaryimage\"},\"thumbnailUrl\":\"https:\/\/www.laregion.bo\/wp-content\/uploads\/2023\/12\/Ingreso-Loma-Santa-TIM-scaled.jpg\",\"keywords\":[\"Autonom\u00eda ind\u00edgena\",\"Loma Santa\",\"Loma Santa\",\"TIM\"],\"articleSection\":[\"CON PROP\u00d3SITO\"],\"inLanguage\":\"en-US\"},{\"@type\":\"WebPage\",\"@id\":\"https:\/\/www.laregion.bo\/loma-santa-an-indigenous-conservation-area-and-expression-of-the-autonomy-of-the-mit\/\",\"url\":\"https:\/\/www.laregion.bo\/loma-santa-an-indigenous-conservation-area-and-expression-of-the-autonomy-of-the-mit\/\",\"name\":\"Loma Santa, an indigenous conservation area and expression of the autonomy of the MIT - Periodismo de medio ambiente y turismo de Bolivia\",\"isPartOf\":{\"@id\":\"https:\/\/www.laregion.bo\/#website\"},\"primaryImageOfPage\":{\"@id\":\"https:\/\/www.laregion.bo\/loma-santa-an-indigenous-conservation-area-and-expression-of-the-autonomy-of-the-mit\/#primaryimage\"},\"image\":{\"@id\":\"https:\/\/www.laregion.bo\/loma-santa-an-indigenous-conservation-area-and-expression-of-the-autonomy-of-the-mit\/#primaryimage\"},\"thumbnailUrl\":\"https:\/\/www.laregion.bo\/wp-content\/uploads\/2023\/12\/Ingreso-Loma-Santa-TIM-scaled.jpg\",\"datePublished\":\"2023-12-19T20:17:17+00:00\",\"dateModified\":\"2025-02-12T02:06:34+00:00\",\"description\":\"El 41% del Territorio Ind\u00edgena Multi\u00e9tnico corresponde a este espacio de nacientes de agua, bosque amaz\u00f3nico y llanuras inundables, donde habita gran variedad de especies de fauna y flora.\",\"breadcrumb\":{\"@id\":\"https:\/\/www.laregion.bo\/loma-santa-an-indigenous-conservation-area-and-expression-of-the-autonomy-of-the-mit\/#breadcrumb\"},\"inLanguage\":\"en-US\",\"potentialAction\":[{\"@type\":\"ReadAction\",\"target\":[\"https:\/\/www.laregion.bo\/loma-santa-an-indigenous-conservation-area-and-expression-of-the-autonomy-of-the-mit\/\"]}]},{\"@type\":\"ImageObject\",\"inLanguage\":\"en-US\",\"@id\":\"https:\/\/www.laregion.bo\/loma-santa-an-indigenous-conservation-area-and-expression-of-the-autonomy-of-the-mit\/#primaryimage\",\"url\":\"https:\/\/www.laregion.bo\/wp-content\/uploads\/2023\/12\/Ingreso-Loma-Santa-TIM-scaled.jpg\",\"contentUrl\":\"https:\/\/www.laregion.bo\/wp-content\/uploads\/2023\/12\/Ingreso-Loma-Santa-TIM-scaled.jpg\",\"width\":2560,\"height\":1707,\"caption\":\"El ingreso a Loma Santa, el \u00e1rea de conservaci\u00f3n del TIM. \/ Foto: Pedro Laguna, ORE\"},{\"@type\":\"BreadcrumbList\",\"@id\":\"https:\/\/www.laregion.bo\/loma-santa-an-indigenous-conservation-area-and-expression-of-the-autonomy-of-the-mit\/#breadcrumb\",\"itemListElement\":[{\"@type\":\"ListItem\",\"position\":1,\"name\":\"Portada\",\"item\":\"https:\/\/www.laregion.bo\/\"},{\"@type\":\"ListItem\",\"position\":2,\"name\":\"Loma Santa, an indigenous conservation area and expression of the autonomy of the MIT\"}]},{\"@type\":\"WebSite\",\"@id\":\"https:\/\/www.laregion.bo\/#website\",\"url\":\"https:\/\/www.laregion.bo\/\",\"name\":\"La Regi\u00f3n\",\"description\":\"Informaci\u00f3n independiente sobre medio ambiente, cambio clim\u00e1tico, turismo comunitario, pueblos ind\u00edgenas de Bolivia\",\"publisher\":{\"@id\":\"https:\/\/www.laregion.bo\/#organization\"},\"potentialAction\":[{\"@type\":\"SearchAction\",\"target\":{\"@type\":\"EntryPoint\",\"urlTemplate\":\"https:\/\/www.laregion.bo\/?s={search_term_string}\"},\"query-input\":{\"@type\":\"PropertyValueSpecification\",\"valueRequired\":true,\"valueName\":\"search_term_string\"}}],\"inLanguage\":\"en-US\"},{\"@type\":\"Organization\",\"@id\":\"https:\/\/www.laregion.bo\/#organization\",\"name\":\"LA REGI\u00d3N\",\"url\":\"https:\/\/www.laregion.bo\/\",\"logo\":{\"@type\":\"ImageObject\",\"inLanguage\":\"en-US\",\"@id\":\"https:\/\/www.laregion.bo\/#\/schema\/logo\/image\/\",\"url\":\"https:\/\/www.laregion.bo\/wp-content\/uploads\/2019\/04\/logo-laregion400.png\",\"contentUrl\":\"https:\/\/www.laregion.bo\/wp-content\/uploads\/2019\/04\/logo-laregion400.png\",\"width\":400,\"height\":61,\"caption\":\"LA REGI\u00d3N\"},\"image\":{\"@id\":\"https:\/\/www.laregion.bo\/#\/schema\/logo\/image\/\"},\"sameAs\":[\"https:\/\/www.facebook.com\/LaRegionPrensa\/\",\"https:\/\/x.com\/laregionprensa\",\"https:\/\/www.instagram.com\/laregionprensa\/\",\"https:\/\/www.youtube.com\/user\/laregionbolivia\"]},{\"@type\":\"Person\",\"@id\":\"https:\/\/www.laregion.bo\/#\/schema\/person\/55e473b033e4e06744e031fe4437f81e\",\"name\":\"Comercial1 La Regi\u00f3n\"}]}<\/script>\n<!-- \/ Yoast SEO plugin. -->","yoast_head_json":{"title":"Loma Santa, an indigenous conservation area and expression of the autonomy of the MIT - Periodismo de medio ambiente y turismo de Bolivia","description":"El 41% del Territorio Ind\u00edgena Multi\u00e9tnico corresponde a este espacio de nacientes de agua, bosque amaz\u00f3nico y llanuras inundables, donde habita gran variedad de especies de fauna y flora.","robots":{"index":"index","follow":"follow","max-snippet":"max-snippet:-1","max-image-preview":"max-image-preview:large","max-video-preview":"max-video-preview:-1"},"canonical":"https:\/\/www.laregion.bo\/loma-santa-an-indigenous-conservation-area-and-expression-of-the-autonomy-of-the-mit\/","og_locale":"en_US","og_type":"article","og_title":"Loma Santa, an indigenous conservation area and expression of the autonomy of the MIT - Periodismo de medio ambiente y turismo de Bolivia","og_description":"El 41% del Territorio Ind\u00edgena Multi\u00e9tnico corresponde a este espacio de nacientes de agua, bosque amaz\u00f3nico y llanuras inundables, donde habita gran variedad de especies de fauna y flora.","og_url":"https:\/\/www.laregion.bo\/loma-santa-an-indigenous-conservation-area-and-expression-of-the-autonomy-of-the-mit\/","og_site_name":"Periodismo de medio ambiente y turismo de Bolivia","article_publisher":"https:\/\/www.facebook.com\/LaRegionPrensa\/","article_published_time":"2023-12-19T20:17:17+00:00","article_modified_time":"2025-02-12T02:06:34+00:00","og_image":[{"width":2560,"height":1707,"url":"https:\/\/www.laregion.bo\/wp-content\/uploads\/2023\/12\/Ingreso-Loma-Santa-TIM-scaled.jpg","type":"image\/jpeg"}],"author":"Comercial1 La Regi\u00f3n","twitter_card":"summary_large_image","twitter_creator":"@laregionprensa","twitter_site":"@laregionprensa","twitter_misc":{"Written by":"Comercial1 La Regi\u00f3n","Est. reading time":"6 minutes"},"schema":{"@context":"https:\/\/schema.org","@graph":[{"@type":"Article","@id":"https:\/\/www.laregion.bo\/loma-santa-an-indigenous-conservation-area-and-expression-of-the-autonomy-of-the-mit\/#article","isPartOf":{"@id":"https:\/\/www.laregion.bo\/loma-santa-an-indigenous-conservation-area-and-expression-of-the-autonomy-of-the-mit\/"},"author":{"name":"Comercial1 La Regi\u00f3n","@id":"https:\/\/www.laregion.bo\/#\/schema\/person\/55e473b033e4e06744e031fe4437f81e"},"headline":"Loma Santa, an indigenous conservation area and expression of the autonomy of the MIT","datePublished":"2023-12-19T20:17:17+00:00","dateModified":"2025-02-12T02:06:34+00:00","mainEntityOfPage":{"@id":"https:\/\/www.laregion.bo\/loma-santa-an-indigenous-conservation-area-and-expression-of-the-autonomy-of-the-mit\/"},"wordCount":925,"publisher":{"@id":"https:\/\/www.laregion.bo\/#organization"},"image":{"@id":"https:\/\/www.laregion.bo\/loma-santa-an-indigenous-conservation-area-and-expression-of-the-autonomy-of-the-mit\/#primaryimage"},"thumbnailUrl":"https:\/\/www.laregion.bo\/wp-content\/uploads\/2023\/12\/Ingreso-Loma-Santa-TIM-scaled.jpg","keywords":["Autonom\u00eda ind\u00edgena","Loma Santa","Loma Santa","TIM"],"articleSection":["CON PROP\u00d3SITO"],"inLanguage":"en-US"},{"@type":"WebPage","@id":"https:\/\/www.laregion.bo\/loma-santa-an-indigenous-conservation-area-and-expression-of-the-autonomy-of-the-mit\/","url":"https:\/\/www.laregion.bo\/loma-santa-an-indigenous-conservation-area-and-expression-of-the-autonomy-of-the-mit\/","name":"Loma Santa, an indigenous conservation area and expression of the autonomy of the MIT - Periodismo de medio ambiente y turismo de Bolivia","isPartOf":{"@id":"https:\/\/www.laregion.bo\/#website"},"primaryImageOfPage":{"@id":"https:\/\/www.laregion.bo\/loma-santa-an-indigenous-conservation-area-and-expression-of-the-autonomy-of-the-mit\/#primaryimage"},"image":{"@id":"https:\/\/www.laregion.bo\/loma-santa-an-indigenous-conservation-area-and-expression-of-the-autonomy-of-the-mit\/#primaryimage"},"thumbnailUrl":"https:\/\/www.laregion.bo\/wp-content\/uploads\/2023\/12\/Ingreso-Loma-Santa-TIM-scaled.jpg","datePublished":"2023-12-19T20:17:17+00:00","dateModified":"2025-02-12T02:06:34+00:00","description":"El 41% del Territorio Ind\u00edgena Multi\u00e9tnico corresponde a este espacio de nacientes de agua, bosque amaz\u00f3nico y llanuras inundables, donde habita gran variedad de especies de fauna y flora.","breadcrumb":{"@id":"https:\/\/www.laregion.bo\/loma-santa-an-indigenous-conservation-area-and-expression-of-the-autonomy-of-the-mit\/#breadcrumb"},"inLanguage":"en-US","potentialAction":[{"@type":"ReadAction","target":["https:\/\/www.laregion.bo\/loma-santa-an-indigenous-conservation-area-and-expression-of-the-autonomy-of-the-mit\/"]}]},{"@type":"ImageObject","inLanguage":"en-US","@id":"https:\/\/www.laregion.bo\/loma-santa-an-indigenous-conservation-area-and-expression-of-the-autonomy-of-the-mit\/#primaryimage","url":"https:\/\/www.laregion.bo\/wp-content\/uploads\/2023\/12\/Ingreso-Loma-Santa-TIM-scaled.jpg","contentUrl":"https:\/\/www.laregion.bo\/wp-content\/uploads\/2023\/12\/Ingreso-Loma-Santa-TIM-scaled.jpg","width":2560,"height":1707,"caption":"El ingreso a Loma Santa, el \u00e1rea de conservaci\u00f3n del TIM. \/ Foto: Pedro Laguna, ORE"},{"@type":"BreadcrumbList","@id":"https:\/\/www.laregion.bo\/loma-santa-an-indigenous-conservation-area-and-expression-of-the-autonomy-of-the-mit\/#breadcrumb","itemListElement":[{"@type":"ListItem","position":1,"name":"Portada","item":"https:\/\/www.laregion.bo\/"},{"@type":"ListItem","position":2,"name":"Loma Santa, an indigenous conservation area and expression of the autonomy of the MIT"}]},{"@type":"WebSite","@id":"https:\/\/www.laregion.bo\/#website","url":"https:\/\/www.laregion.bo\/","name":"La Regi\u00f3n","description":"Informaci\u00f3n independiente sobre medio ambiente, cambio clim\u00e1tico, turismo comunitario, pueblos ind\u00edgenas de Bolivia","publisher":{"@id":"https:\/\/www.laregion.bo\/#organization"},"potentialAction":[{"@type":"SearchAction","target":{"@type":"EntryPoint","urlTemplate":"https:\/\/www.laregion.bo\/?s={search_term_string}"},"query-input":{"@type":"PropertyValueSpecification","valueRequired":true,"valueName":"search_term_string"}}],"inLanguage":"en-US"},{"@type":"Organization","@id":"https:\/\/www.laregion.bo\/#organization","name":"LA REGI\u00d3N","url":"https:\/\/www.laregion.bo\/","logo":{"@type":"ImageObject","inLanguage":"en-US","@id":"https:\/\/www.laregion.bo\/#\/schema\/logo\/image\/","url":"https:\/\/www.laregion.bo\/wp-content\/uploads\/2019\/04\/logo-laregion400.png","contentUrl":"https:\/\/www.laregion.bo\/wp-content\/uploads\/2019\/04\/logo-laregion400.png","width":400,"height":61,"caption":"LA REGI\u00d3N"},"image":{"@id":"https:\/\/www.laregion.bo\/#\/schema\/logo\/image\/"},"sameAs":["https:\/\/www.facebook.com\/LaRegionPrensa\/","https:\/\/x.com\/laregionprensa","https:\/\/www.instagram.com\/laregionprensa\/","https:\/\/www.youtube.com\/user\/laregionbolivia"]},{"@type":"Person","@id":"https:\/\/www.laregion.bo\/#\/schema\/person\/55e473b033e4e06744e031fe4437f81e","name":"Comercial1 La Regi\u00f3n"}]}},"_links":{"self":[{"href":"https:\/\/www.laregion.bo\/en\/wp-json\/wp\/v2\/posts\/35319","targetHints":{"allow":["GET"]}}],"collection":[{"href":"https:\/\/www.laregion.bo\/en\/wp-json\/wp\/v2\/posts"}],"about":[{"href":"https:\/\/www.laregion.bo\/en\/wp-json\/wp\/v2\/types\/post"}],"author":[{"embeddable":true,"href":"https:\/\/www.laregion.bo\/en\/wp-json\/wp\/v2\/users\/16"}],"replies":[{"embeddable":true,"href":"https:\/\/www.laregion.bo\/en\/wp-json\/wp\/v2\/comments?post=35319"}],"version-history":[{"count":0,"href":"https:\/\/www.laregion.bo\/en\/wp-json\/wp\/v2\/posts\/35319\/revisions"}],"wp:featuredmedia":[{"embeddable":true,"href":"https:\/\/www.laregion.bo\/en\/wp-json\/wp\/v2\/media\/35299"}],"wp:attachment":[{"href":"https:\/\/www.laregion.bo\/en\/wp-json\/wp\/v2\/media?parent=35319"}],"wp:term":[{"taxonomy":"category","embeddable":true,"href":"https:\/\/www.laregion.bo\/en\/wp-json\/wp\/v2\/categories?post=35319"},{"taxonomy":"post_tag","embeddable":true,"href":"https:\/\/www.laregion.bo\/en\/wp-json\/wp\/v2\/tags?post=35319"}],"curies":[{"name":"wp","href":"https:\/\/api.w.org\/{rel}","templated":true}]}}